{"id":126,"date":"2014-10-03T17:39:41","date_gmt":"2014-10-03T17:39:41","guid":{"rendered":"https:\/\/marchadelagorra.org\/?p=126"},"modified":"2014-10-03T17:39:41","modified_gmt":"2014-10-03T17:39:41","slug":"jornadas-alto-embrollo","status":"publish","type":"post","link":"https:\/\/marchadelagorra.org\/2024\/jornadas-alto-embrollo\/","title":{"rendered":"\u00a1Jornadas Alto Embrollo!"},"content":{"rendered":"<p><img fetchpriority=\"high\" decoding=\"async\" class=\"aligncenter size-full wp-image-128\" src=\"https:\/\/marchadelagorra.org\/wp-content\/uploads\/2014\/10\/tuenojo.png\" alt=\"tuenojo\" width=\"851\" height=\"315\" \/><\/p>\n<p>El <strong>Colectivo de J\u00f3venes por Nuestros Derechos<\/strong>, es una Organizaci\u00f3n Social Juvenil, que durante los \u00faltimos ocho a\u00f1os, se organiza para denunciar pol\u00edticas de seguridad que provocan persecuci\u00f3n y hostigamiento a determinadas expresiones culturales juveniles. Hist\u00f3ricamente nos movilizamos, junto a otras organizaciones, todos los 20 de noviembre en la ya conocida \u201c<strong>Marcha de la Gorra\u201d,<\/strong> denunciando la represi\u00f3n y la estigmatizaci\u00f3n hacia las juventudes, buscando la derogaci\u00f3n del C\u00f3digo de Faltas a trav\u00e9s de la visibilidad p\u00fablica de esta problem\u00e1tica desde las voces de sus protagonistas.<\/p>\n<p>Desde hace tres a\u00f1os las Marchas son acompa\u00f1adas con Jornadas previas de E xpresi\u00f3n Cultural, llamadas: <strong><a href=\"https:\/\/www.facebook.com\/hashtag\/altoembrollo\" target=\"_blank\" rel=\"noopener\">#AltoEmbrollo<\/a>. \u00a0<\/strong>Estas, significan un espacio donde los y las j\u00f3venes expresan libremente su(s) cultura(s), la(s) hacen p\u00fablica(s), la(s) comparten con otros (as) e interpelan a la sociedad acerca de qui\u00e9nes somos, qu\u00e9 hacemos, qu\u00e9 nos gusta y disgusta, qui\u00e9nes queremos ser.<\/p>\n<p>En nuestra Regi\u00f3n, existen muchos Otros(as) que para nosotros(as) constituyen universos de diversidad, de riqueza cultural e identidad. \u00a0Heterog\u00e9neas realidades que suman y multiplican la propia vivencia, existencia. Desde el <strong>Colectivo de J\u00f3venes por Nuestros Derechos<\/strong> te invitamos a participar y acompa\u00f1arnos en el <strong>Primer Flash Cultural<\/strong>. Un encuentro con colectivos de fot\u00f3grafos y mediactivistas, quienes con l\u00f3gicas colaborativas se encargan de disputar el valor que tienen esos sentidos diversos. El <strong>Primer Flash Cultural<\/strong> se llevar\u00e1 a cabo durante los <strong>meses de Octubre y Noviembre<\/strong>.<\/p>\n<p>Porque queremos construir e intercambiar juntos el qui\u00e9nes somos, qu\u00e9 hacemos y c\u00f3mo lo hacemos, te invitamos:<strong>\u00a0<\/strong><\/p>\n<h3><strong>\u00a0\u00abPrimer Flash Cultural\u00bb<\/strong><\/h3>\n<p><strong>Lunes 6 de Octubre<\/strong>: A partir de las 19 horas, inauguramos la &lt;#TUENOJO&gt;&gt;. La misma se expondr\u00e1 desde el 6\/10 al 21\/11.<br \/>\nContar\u00e1 con la participaci\u00f3n del\u00a0<strong><a href=\"https:\/\/www.facebook.com\/colectivo.manifiesto.9\" target=\"_blank\" rel=\"noopener\">Colectivo Manifiesto<\/a><\/strong><strong>\u00a0<\/strong><strong>(Cba),<\/strong><strong><a href=\"https:\/\/www.facebook.com\/holamafia\" target=\"_blank\" rel=\"noopener\">M.A.F.I.A<\/a><\/strong><strong>\u00a0<\/strong><strong>(Bs.As)<\/strong> y\u00a0<strong><a href=\"https:\/\/www.facebook.com\/midiaNINJA\" target=\"_blank\" rel=\"noopener\">NINJA<\/a><\/strong><strong>\u00a0<\/strong><strong>(Brasil)<\/strong>.<br \/>\n<strong>Lugar:<\/strong> Museo de Antropolog\u00eda, C\u00f3rdoba (Av. Hip\u00f3lito Yrigoyen 174)<br \/>\n<strong>Hora: <\/strong>De lunes a viernes de 9 a 17hs. Se expondr\u00e1n aqu\u00ed tambi\u00e9n fotograf\u00edas de la <strong>Cobertura<\/strong><strong> Colaborativa<\/strong><strong> de la 7ma Marcha de la Gorra (MDLG).<\/strong><\/p>\n<p><strong>Viernes 10 de Octubre<\/strong>: Presentaci\u00f3n de Colectivos Fotogr\u00e1ficos.<br \/>\n<strong>Lugar<\/strong>: Museo de Antropolog\u00eda, C\u00f3rdoba (Av. Hip\u00f3lito Yrigoyen 174).<br \/>\n<strong>Hora:<\/strong> 18hs.<\/p>\n<p><strong>S\u00e1bado 11 de Octubre<\/strong>:\u00a0\u00a0 Encuentro y capacitaci\u00f3n: Fotograf\u00eda Colectiva y Mediactivismo. Coordinado por Media NINJA (Brasil).<br \/>\n<strong>Lugar:<\/strong> Museo de Antropolog\u00eda, C\u00f3rdoba (Av. Hip\u00f3lito Yrigoyen 174).<br \/>\n<strong>Hora:<\/strong> 10hs.<\/p>\n<p>Por cupos reducidos s\u00f3lo esta actividad ser\u00e1 con <strong>INSCRIPCI\u00d3N<\/strong> <strong>PREVIA Y GRATUITA<\/strong>. Mayor informaci\u00f3n e inscripci\u00f3n\u00a0 a <strong><a href=\"mailto:prensa@colectivodejovenes.org\" target=\"_blank\" rel=\"noopener\">prensa@colectivodejovenes.org<\/a><\/strong><\/p>\n<p><strong>Convoca<\/strong>: Colectivo de J\u00f3venes por Nuestros Derechos<\/p>\n<p><strong>Acompa\u00f1an<\/strong>: Centro de Estudios Fotogr\u00e1ficos (CEF) y Programa Derecho a la Cultura SEU &#8211; UNC<\/p>\n[button link=\u00bbhttps:\/\/marchadelagorra.org\/wp-content\/uploads\/2014\/10\/Alto-embrollo-Flyer-4.jpg\u00bb icon=\u00bbfa-download\u00bb side=\u00bbleft\u00bb target=\u00bbblank\u00bb color=\u00bbf5cc00&#8243; textcolor=\u00bbffffff\u00bb]Descargar Afiche[\/button]\n<p><img decoding=\"async\" class=\"alignleft size-full wp-image-129\" src=\"https:\/\/marchadelagorra.org\/wp-content\/uploads\/2014\/10\/front-web.png\" alt=\"front-web\" width=\"150\" height=\"100\" \/><\/p>\n","protected":false},"excerpt":{"rendered":"<p>El Colectivo de J\u00f3venes por Nuestros Derechos, es una Organizaci\u00f3n Social Juvenil, que durante los \u00faltimos ocho a\u00f1os, se organiza para denunciar pol\u00edticas de seguridad que provocan persecuci\u00f3n y hostigamiento a determinadas expresiones culturales juveniles. Hist\u00f3ricamente nos movilizamos, junto a otras organizaciones, todos los 20 de noviembre en la ya conocida \u201cMarcha de la Gorra\u201d,&hellip; <br \/> <a class=\"button small blue\" href=\"https:\/\/marchadelagorra.org\/2024\/jornadas-alto-embrollo\/\">Leer m\u00e1s<\/a><\/p>\n","protected":false},"author":3,"featured_media":127,"comment_status":"closed","ping_status":"closed","sticky":false,"template":"","format":"standard","meta":{"footnotes":""},"categories":[30,35],"tags":[29,32,33,37,34],"class_list":["post-126","post","type-post","status-publish","format-standard","has-post-thumbnail","hentry","category-8-mdlg","category-mdlg-2014","tag-20-de-noviembre","tag-colectivo-de-jovenes-por-nuestros-derechos","tag-cordoba","tag-jovenes","tag-marcha-de-la-gorra"],"aioseo_notices":[],"_links":{"self":[{"href":"https:\/\/marchadelagorra.org\/2024\/wp-json\/wp\/v2\/posts\/126","targetHints":{"allow":["GET"]}}],"collection":[{"href":"https:\/\/marchadelagorra.org\/2024\/wp-json\/wp\/v2\/posts"}],"about":[{"href":"https:\/\/marchadelagorra.org\/2024\/wp-json\/wp\/v2\/types\/post"}],"author":[{"embeddable":true,"href":"https:\/\/marchadelagorra.org\/2024\/wp-json\/wp\/v2\/users\/3"}],"replies":[{"embeddable":true,"href":"https:\/\/marchadelagorra.org\/2024\/wp-json\/wp\/v2\/comments?post=126"}],"version-history":[{"count":0,"href":"https:\/\/marchadelagorra.org\/2024\/wp-json\/wp\/v2\/posts\/126\/revisions"}],"wp:featuredmedia":[{"embeddable":true,"href":"https:\/\/marchadelagorra.org\/2024\/wp-json\/"}],"wp:attachment":[{"href":"https:\/\/marchadelagorra.org\/2024\/wp-json\/wp\/v2\/media?parent=126"}],"wp:term":[{"taxonomy":"category","embeddable":true,"href":"https:\/\/marchadelagorra.org\/2024\/wp-json\/wp\/v2\/categories?post=126"},{"taxonomy":"post_tag","embeddable":true,"href":"https:\/\/marchadelagorra.org\/2024\/wp-json\/wp\/v2\/tags?post=126"}],"curies":[{"name":"wp","href":"https:\/\/api.w.org\/{rel}","templated":true}]}}